{"id":316,"date":"2020-04-14T11:41:30","date_gmt":"2020-04-14T09:41:30","guid":{"rendered":"https:\/\/www.irisbilan.fr\/?p=316"},"modified":"2020-04-14T11:41:30","modified_gmt":"2020-04-14T09:41:30","slug":"portefeuille-de-competences","status":"publish","type":"post","link":"https:\/\/www.irisbilan.fr\/index.php\/2020\/04\/14\/portefeuille-de-competences\/","title":{"rendered":"Portefeuille de comp\u00e9tences"},"content":{"rendered":"<p>Le portefeuille de comp\u00e9tences : un sujet ardu et pourtant un travail r\u00e9gulier \u00e0 faire ! Car mieux se conna\u00eetre, c&rsquo;est se faire conna\u00eetre et reconna\u00eetre par le march\u00e9 de l&#8217;emploi.<\/p>\n<h3>D\u00e9finition du portefeuille de comp\u00e9tences<\/h3>\n<p>C&rsquo;est une base de donn\u00e9es, sorte de <strong>m\u00e9moire,<\/strong> qui r\u00e9pertorie vos comp\u00e9tences et vos connaissances acquises lors de votre vie professionnelle, sociale et personnelle. Tr\u00e8s important : elle rassemble \u00e9galement toutes les preuves de ce parcours de vie (dipl\u00f4mes, certificats, formulation des r\u00e9alisations, book de documents&#8230;). Elle doit nous accompagner tout au long de notre vie professionnelle.<\/p>\n<h3>A quoi \u00e7a sert ?<\/h3>\n<ul>\n<li>prendre du recul sur le chemin parcouru gr\u00e2ce \u00e0 la formulation des apports de chaque exp\u00e9rience<\/li>\n<li>donner une coh\u00e9rence au parcours, surtout s&rsquo;il est atypique<\/li>\n<li>identifier ce qui est important pour vous, en termes de valeurs, attirances&#8230;<\/li>\n<li>construire un nouveau projet professionnel.<\/li>\n<\/ul>\n<h3>Comment faire un portefeuille de comp\u00e9tences ?<\/h3>\n<ul>\n<li>lister toutes vos exp\u00e9riences professionnelles et personnelles<\/li>\n<li>en d\u00e9duire les acquis pour chacune : savoir (connaissances), savoir-faire (techniques op\u00e9rationnelles et observables), savoir-\u00eatre (qualit\u00e9s comportementales en situation de travail)<\/li>\n<li>relier les savoir-faire et savoir-\u00eatre \u00e0 des r\u00e9alisations pr\u00e9cises et argument\u00e9es, qui sont les preuves de ce que vous avez r\u00e9ellement et concr\u00e8tement fait<\/li>\n<li>\u00e9valuer votre degr\u00e9 de ma\u00eetrise en fonction des r\u00e9alisations et objectifs atteints<\/li>\n<li>mentionner pour les comp\u00e9tences principales les preuves que vous pouvez produire.<\/li>\n<\/ul>\n<p>Quelques pr\u00e9cisions<\/p>\n<ul>\n<li>concernant les savoirs, la question est de d\u00e9terminer quelle sont les connaissances utiles et transposables dans le monde du travail.<\/li>\n<li>les savoir-faire ou \u00ab\u00a0hard skills\u00a0\u00bb, qui sont des savoirs pratiques ou techniques : r\u00e9dig\u00e9s en commen\u00e7ant par un verbe d&rsquo;action (pas d&#8217;emploi du verbe \u00eatre), ils r\u00e9pondent \u00e0 la question \u00ab\u00a0qu&rsquo;est-ce que je sais-faire?\u00a0\u00bb<\/li>\n<li>les savoir-\u00eatre partent de qualit\u00e9s. Mais il ne suffit pas de les \u00e9num\u00e9rer, il est imp\u00e9ratif de les relier \u00e0 des exp\u00e9riences o\u00f9 vous les avez mobilis\u00e9es dans une activit\u00e9. On parle aujourd&rsquo;hui de \u00ab\u00a0soft skills\u00a0\u00bb<\/li>\n<li>une r\u00e9alisation est un contexte de mise en oeuvre des savoir-faire et des savoir-\u00eatre, qui doit \u00eatre formul\u00e9e concr\u00e8tement : o\u00f9, quand, comment, avec qui, pour qui, avec quel objectif, quels sont les r\u00e9sultats obtenus.<\/li>\n<\/ul>\n<h3>Conseils<\/h3>\n<ul>\n<li>mettez \u00e0 jour r\u00e9guli\u00e8rement ce portefeuille pour ne pas avoir \u00e0 le faire brutalement lors d&rsquo;une recherche d&#8217;emploi par exemple. Un bilan de comp\u00e9tences peut \u00eatre le moyen d&rsquo;initier la d\u00e9marche pour le constituer une premi\u00e8re fois.<\/li>\n<li>votre portefeuille de comp\u00e9tences est modulaire. Vous pouvez en extraire une partie pour communiquer sp\u00e9cifiquement vers un interlocuteur : organisme de formation, cabinet de recrutement, processus de VAE&#8230;<\/li>\n<\/ul>\n<p><a href=\"https:\/\/www.irisbilan.fr\/index.php\/contact-iribilan\/\" target=\"_blank\" rel=\"noopener noreferrer\">Contactez-moi<\/a> pour un entretien pr\u00e9liminaire gratuit, la premi\u00e8re phase du bilan de comp\u00e9tences !<\/p>\n","protected":false},"excerpt":{"rendered":"<p>Le portefeuille de comp\u00e9tences : un sujet ardu et pourtant un travail r\u00e9gulier \u00e0 faire ! Car mieux se conna\u00eetre, c&rsquo;est se faire conna\u00eetre et reconna\u00eetre par le march\u00e9 de l&#8217;emploi. D\u00e9finition du portefeuille de comp\u00e9tences C&rsquo;est une base de donn\u00e9es, sorte de m\u00e9moire, qui r\u00e9pertorie vos comp\u00e9tences et vos connaissances acquises lors de votre &hellip; <\/p>\n<p class=\"link-more\"><a href=\"https:\/\/www.irisbilan.fr\/index.php\/2020\/04\/14\/portefeuille-de-competences\/\" class=\"more-link\">Continuer la lecture<span class=\"screen-reader-text\"> de &laquo;&nbsp;Portefeuille de comp\u00e9tences&nbsp;&raquo;<\/span><\/a><\/p>\n","protected":false},"author":1,"featured_media":318,"comment_status":"open","ping_status":"open","sticky":false,"template":"","format":"standard","meta":{"footnotes":""},"categories":[5],"tags":[],"class_list":["post-316","post","type-post","status-publish","format-standard","has-post-thumbnail","hentry","category-outils-en-bilan-de-competences"],"yoast_head":"<!-- This site is optimized with the Yoast SEO plugin v26.0 - https:\/\/yoast.com\/wordpress\/plugins\/seo\/ -->\n<title>Portefeuille de comp\u00e9tences - Centre de bilans de comp\u00e9tences - Rueil<\/title>\n<meta name=\"description\" content=\"Le porfefeuille de comp\u00e9tences : un outil indispensable pour g\u00e9rer son parcours professionnel avec pertinence ! D\u00e9couvrez comment faire.\" \/>\n<meta name=\"robots\" content=\"index, follow, max-snippet:-1, max-image-preview:large, max-video-preview:-1\" \/>\n<link rel=\"canonical\" href=\"https:\/\/www.irisbilan.fr\/index.php\/2020\/04\/14\/portefeuille-de-competences\/\" \/>\n<meta property=\"og:locale\" content=\"fr_FR\" \/>\n<meta property=\"og:type\" content=\"article\" \/>\n<meta property=\"og:title\" content=\"Portefeuille de comp\u00e9tences - Centre de bilans de comp\u00e9tences - Rueil\" \/>\n<meta property=\"og:description\" content=\"Le porfefeuille de comp\u00e9tences : un outil indispensable pour g\u00e9rer son parcours professionnel avec pertinence ! D\u00e9couvrez comment faire.\" \/>\n<meta property=\"og:url\" content=\"https:\/\/www.irisbilan.fr\/index.php\/2020\/04\/14\/portefeuille-de-competences\/\" \/>\n<meta property=\"og:site_name\" content=\"Centre de bilan de comp\u00e9tences IrisBilan\" \/>\n<meta property=\"article:publisher\" content=\"https:\/\/www.facebook.com\/beguin.sylvie\/\" \/>\n<meta property=\"article:published_time\" content=\"2020-04-14T09:41:30+00:00\" \/>\n<meta property=\"og:image\" content=\"https:\/\/www.irisbilan.fr\/wp-content\/uploads\/2020\/04\/portefeuille-de-comp\u00e9tences.jpg\" \/>\n\t<meta property=\"og:image:width\" content=\"1920\" \/>\n\t<meta property=\"og:image:height\" content=\"760\" \/>\n\t<meta property=\"og:image:type\" content=\"image\/jpeg\" \/>\n<meta name=\"author\" content=\"sylvie BEGUIN\" \/>\n<meta name=\"twitter:card\" content=\"summary_large_image\" \/>\n<meta name=\"twitter:label1\" content=\"\u00c9crit par\" \/>\n\t<meta name=\"twitter:data1\" content=\"sylvie BEGUIN\" \/>\n\t<meta name=\"twitter:label2\" content=\"Dur\u00e9e de lecture estim\u00e9e\" \/>\n\t<meta name=\"twitter:data2\" content=\"2 minutes\" \/>\n<script type=\"application\/ld+json\" class=\"yoast-schema-graph\">{\"@context\":\"https:\/\/schema.org\",\"@graph\":[{\"@type\":\"Article\",\"@id\":\"https:\/\/www.irisbilan.fr\/index.php\/2020\/04\/14\/portefeuille-de-competences\/#article\",\"isPartOf\":{\"@id\":\"https:\/\/www.irisbilan.fr\/index.php\/2020\/04\/14\/portefeuille-de-competences\/\"},\"author\":{\"name\":\"sylvie BEGUIN\",\"@id\":\"https:\/\/www.irisbilan.fr\/#\/schema\/person\/fc85846c39e890cc10b1a78fcdec6ba8\"},\"headline\":\"Portefeuille de comp\u00e9tences\",\"datePublished\":\"2020-04-14T09:41:30+00:00\",\"mainEntityOfPage\":{\"@id\":\"https:\/\/www.irisbilan.fr\/index.php\/2020\/04\/14\/portefeuille-de-competences\/\"},\"wordCount\":486,\"commentCount\":0,\"publisher\":{\"@id\":\"https:\/\/www.irisbilan.fr\/#organization\"},\"image\":{\"@id\":\"https:\/\/www.irisbilan.fr\/index.php\/2020\/04\/14\/portefeuille-de-competences\/#primaryimage\"},\"thumbnailUrl\":\"https:\/\/www.irisbilan.fr\/wp-content\/uploads\/2020\/04\/portefeuille-de-comp\u00e9tences.jpg\",\"articleSection\":[\"Outils en bilan de comp\u00e9tences\"],\"inLanguage\":\"fr-FR\"},{\"@type\":\"WebPage\",\"@id\":\"https:\/\/www.irisbilan.fr\/index.php\/2020\/04\/14\/portefeuille-de-competences\/\",\"url\":\"https:\/\/www.irisbilan.fr\/index.php\/2020\/04\/14\/portefeuille-de-competences\/\",\"name\":\"Portefeuille de comp\u00e9tences - Centre de bilans de comp\u00e9tences - Rueil\",\"isPartOf\":{\"@id\":\"https:\/\/www.irisbilan.fr\/#website\"},\"primaryImageOfPage\":{\"@id\":\"https:\/\/www.irisbilan.fr\/index.php\/2020\/04\/14\/portefeuille-de-competences\/#primaryimage\"},\"image\":{\"@id\":\"https:\/\/www.irisbilan.fr\/index.php\/2020\/04\/14\/portefeuille-de-competences\/#primaryimage\"},\"thumbnailUrl\":\"https:\/\/www.irisbilan.fr\/wp-content\/uploads\/2020\/04\/portefeuille-de-comp\u00e9tences.jpg\",\"datePublished\":\"2020-04-14T09:41:30+00:00\",\"description\":\"Le porfefeuille de comp\u00e9tences : un outil indispensable pour g\u00e9rer son parcours professionnel avec pertinence ! D\u00e9couvrez comment faire.\",\"breadcrumb\":{\"@id\":\"https:\/\/www.irisbilan.fr\/index.php\/2020\/04\/14\/portefeuille-de-competences\/#breadcrumb\"},\"inLanguage\":\"fr-FR\",\"potentialAction\":[{\"@type\":\"ReadAction\",\"target\":[\"https:\/\/www.irisbilan.fr\/index.php\/2020\/04\/14\/portefeuille-de-competences\/\"]}]},{\"@type\":\"ImageObject\",\"inLanguage\":\"fr-FR\",\"@id\":\"https:\/\/www.irisbilan.fr\/index.php\/2020\/04\/14\/portefeuille-de-competences\/#primaryimage\",\"url\":\"https:\/\/www.irisbilan.fr\/wp-content\/uploads\/2020\/04\/portefeuille-de-comp\u00e9tences.jpg\",\"contentUrl\":\"https:\/\/www.irisbilan.fr\/wp-content\/uploads\/2020\/04\/portefeuille-de-comp\u00e9tences.jpg\",\"width\":1920,\"height\":760,\"caption\":\"Suit Skills Manager Businesswoman Training\"},{\"@type\":\"BreadcrumbList\",\"@id\":\"https:\/\/www.irisbilan.fr\/index.php\/2020\/04\/14\/portefeuille-de-competences\/#breadcrumb\",\"itemListElement\":[{\"@type\":\"ListItem\",\"position\":1,\"name\":\"Accueil\",\"item\":\"https:\/\/www.irisbilan.fr\/\"},{\"@type\":\"ListItem\",\"position\":2,\"name\":\"Portefeuille de comp\u00e9tences\"}]},{\"@type\":\"WebSite\",\"@id\":\"https:\/\/www.irisbilan.fr\/#website\",\"url\":\"https:\/\/www.irisbilan.fr\/\",\"name\":\"Centre de bilan de comp\u00e9tences IrisBilan Rueil\",\"description\":\"Une m\u00e9thode \u00e9prouv\u00e9e et adapt\u00e9e \u00e0 chaque histoire de vie professionnelle !\",\"publisher\":{\"@id\":\"https:\/\/www.irisbilan.fr\/#organization\"},\"potentialAction\":[{\"@type\":\"SearchAction\",\"target\":{\"@type\":\"EntryPoint\",\"urlTemplate\":\"https:\/\/www.irisbilan.fr\/?s={search_term_string}\"},\"query-input\":{\"@type\":\"PropertyValueSpecification\",\"valueRequired\":true,\"valueName\":\"search_term_string\"}}],\"inLanguage\":\"fr-FR\"},{\"@type\":\"Organization\",\"@id\":\"https:\/\/www.irisbilan.fr\/#organization\",\"name\":\"BEGUIN SYLVIE\",\"url\":\"https:\/\/www.irisbilan.fr\/\",\"logo\":{\"@type\":\"ImageObject\",\"inLanguage\":\"fr-FR\",\"@id\":\"https:\/\/www.irisbilan.fr\/#\/schema\/logo\/image\/\",\"url\":\"https:\/\/www.irisbilan.fr\/wp-content\/uploads\/2019\/09\/cropped-IRIS-PETIT.jpg\",\"contentUrl\":\"https:\/\/www.irisbilan.fr\/wp-content\/uploads\/2019\/09\/cropped-IRIS-PETIT.jpg\",\"width\":240,\"height\":98,\"caption\":\"BEGUIN SYLVIE\"},\"image\":{\"@id\":\"https:\/\/www.irisbilan.fr\/#\/schema\/logo\/image\/\"},\"sameAs\":[\"https:\/\/www.facebook.com\/beguin.sylvie\/\",\"https:\/\/www.linkedin.com\/showcase\/11126319\"]},{\"@type\":\"Person\",\"@id\":\"https:\/\/www.irisbilan.fr\/#\/schema\/person\/fc85846c39e890cc10b1a78fcdec6ba8\",\"name\":\"sylvie BEGUIN\",\"image\":{\"@type\":\"ImageObject\",\"inLanguage\":\"fr-FR\",\"@id\":\"https:\/\/www.irisbilan.fr\/#\/schema\/person\/image\/\",\"url\":\"https:\/\/secure.gravatar.com\/avatar\/27ea624599ee9314e7e5e3f190eb04cb447d3d9dda4f3c385a2415cde821a6a4?s=96&d=mm&r=g\",\"contentUrl\":\"https:\/\/secure.gravatar.com\/avatar\/27ea624599ee9314e7e5e3f190eb04cb447d3d9dda4f3c385a2415cde821a6a4?s=96&d=mm&r=g\",\"caption\":\"sylvie BEGUIN\"},\"sameAs\":[\"http:\/\/www.irisbilan.fr\"]}]}<\/script>\n<!-- \/ Yoast SEO plugin. -->","yoast_head_json":{"title":"Portefeuille de comp\u00e9tences - Centre de bilans de comp\u00e9tences - Rueil","description":"Le porfefeuille de comp\u00e9tences : un outil indispensable pour g\u00e9rer son parcours professionnel avec pertinence ! D\u00e9couvrez comment faire.","robots":{"index":"index","follow":"follow","max-snippet":"max-snippet:-1","max-image-preview":"max-image-preview:large","max-video-preview":"max-video-preview:-1"},"canonical":"https:\/\/www.irisbilan.fr\/index.php\/2020\/04\/14\/portefeuille-de-competences\/","og_locale":"fr_FR","og_type":"article","og_title":"Portefeuille de comp\u00e9tences - Centre de bilans de comp\u00e9tences - Rueil","og_description":"Le porfefeuille de comp\u00e9tences : un outil indispensable pour g\u00e9rer son parcours professionnel avec pertinence ! D\u00e9couvrez comment faire.","og_url":"https:\/\/www.irisbilan.fr\/index.php\/2020\/04\/14\/portefeuille-de-competences\/","og_site_name":"Centre de bilan de comp\u00e9tences IrisBilan","article_publisher":"https:\/\/www.facebook.com\/beguin.sylvie\/","article_published_time":"2020-04-14T09:41:30+00:00","og_image":[{"width":1920,"height":760,"url":"https:\/\/www.irisbilan.fr\/wp-content\/uploads\/2020\/04\/portefeuille-de-comp\u00e9tences.jpg","type":"image\/jpeg"}],"author":"sylvie BEGUIN","twitter_card":"summary_large_image","twitter_misc":{"\u00c9crit par":"sylvie BEGUIN","Dur\u00e9e de lecture estim\u00e9e":"2 minutes"},"schema":{"@context":"https:\/\/schema.org","@graph":[{"@type":"Article","@id":"https:\/\/www.irisbilan.fr\/index.php\/2020\/04\/14\/portefeuille-de-competences\/#article","isPartOf":{"@id":"https:\/\/www.irisbilan.fr\/index.php\/2020\/04\/14\/portefeuille-de-competences\/"},"author":{"name":"sylvie BEGUIN","@id":"https:\/\/www.irisbilan.fr\/#\/schema\/person\/fc85846c39e890cc10b1a78fcdec6ba8"},"headline":"Portefeuille de comp\u00e9tences","datePublished":"2020-04-14T09:41:30+00:00","mainEntityOfPage":{"@id":"https:\/\/www.irisbilan.fr\/index.php\/2020\/04\/14\/portefeuille-de-competences\/"},"wordCount":486,"commentCount":0,"publisher":{"@id":"https:\/\/www.irisbilan.fr\/#organization"},"image":{"@id":"https:\/\/www.irisbilan.fr\/index.php\/2020\/04\/14\/portefeuille-de-competences\/#primaryimage"},"thumbnailUrl":"https:\/\/www.irisbilan.fr\/wp-content\/uploads\/2020\/04\/portefeuille-de-comp\u00e9tences.jpg","articleSection":["Outils en bilan de comp\u00e9tences"],"inLanguage":"fr-FR"},{"@type":"WebPage","@id":"https:\/\/www.irisbilan.fr\/index.php\/2020\/04\/14\/portefeuille-de-competences\/","url":"https:\/\/www.irisbilan.fr\/index.php\/2020\/04\/14\/portefeuille-de-competences\/","name":"Portefeuille de comp\u00e9tences - Centre de bilans de comp\u00e9tences - Rueil","isPartOf":{"@id":"https:\/\/www.irisbilan.fr\/#website"},"primaryImageOfPage":{"@id":"https:\/\/www.irisbilan.fr\/index.php\/2020\/04\/14\/portefeuille-de-competences\/#primaryimage"},"image":{"@id":"https:\/\/www.irisbilan.fr\/index.php\/2020\/04\/14\/portefeuille-de-competences\/#primaryimage"},"thumbnailUrl":"https:\/\/www.irisbilan.fr\/wp-content\/uploads\/2020\/04\/portefeuille-de-comp\u00e9tences.jpg","datePublished":"2020-04-14T09:41:30+00:00","description":"Le porfefeuille de comp\u00e9tences : un outil indispensable pour g\u00e9rer son parcours professionnel avec pertinence ! D\u00e9couvrez comment faire.","breadcrumb":{"@id":"https:\/\/www.irisbilan.fr\/index.php\/2020\/04\/14\/portefeuille-de-competences\/#breadcrumb"},"inLanguage":"fr-FR","potentialAction":[{"@type":"ReadAction","target":["https:\/\/www.irisbilan.fr\/index.php\/2020\/04\/14\/portefeuille-de-competences\/"]}]},{"@type":"ImageObject","inLanguage":"fr-FR","@id":"https:\/\/www.irisbilan.fr\/index.php\/2020\/04\/14\/portefeuille-de-competences\/#primaryimage","url":"https:\/\/www.irisbilan.fr\/wp-content\/uploads\/2020\/04\/portefeuille-de-comp\u00e9tences.jpg","contentUrl":"https:\/\/www.irisbilan.fr\/wp-content\/uploads\/2020\/04\/portefeuille-de-comp\u00e9tences.jpg","width":1920,"height":760,"caption":"Suit Skills Manager Businesswoman Training"},{"@type":"BreadcrumbList","@id":"https:\/\/www.irisbilan.fr\/index.php\/2020\/04\/14\/portefeuille-de-competences\/#breadcrumb","itemListElement":[{"@type":"ListItem","position":1,"name":"Accueil","item":"https:\/\/www.irisbilan.fr\/"},{"@type":"ListItem","position":2,"name":"Portefeuille de comp\u00e9tences"}]},{"@type":"WebSite","@id":"https:\/\/www.irisbilan.fr\/#website","url":"https:\/\/www.irisbilan.fr\/","name":"Centre de bilan de comp\u00e9tences IrisBilan Rueil","description":"Une m\u00e9thode \u00e9prouv\u00e9e et adapt\u00e9e \u00e0 chaque histoire de vie professionnelle !","publisher":{"@id":"https:\/\/www.irisbilan.fr\/#organization"},"potentialAction":[{"@type":"SearchAction","target":{"@type":"EntryPoint","urlTemplate":"https:\/\/www.irisbilan.fr\/?s={search_term_string}"},"query-input":{"@type":"PropertyValueSpecification","valueRequired":true,"valueName":"search_term_string"}}],"inLanguage":"fr-FR"},{"@type":"Organization","@id":"https:\/\/www.irisbilan.fr\/#organization","name":"BEGUIN SYLVIE","url":"https:\/\/www.irisbilan.fr\/","logo":{"@type":"ImageObject","inLanguage":"fr-FR","@id":"https:\/\/www.irisbilan.fr\/#\/schema\/logo\/image\/","url":"https:\/\/www.irisbilan.fr\/wp-content\/uploads\/2019\/09\/cropped-IRIS-PETIT.jpg","contentUrl":"https:\/\/www.irisbilan.fr\/wp-content\/uploads\/2019\/09\/cropped-IRIS-PETIT.jpg","width":240,"height":98,"caption":"BEGUIN SYLVIE"},"image":{"@id":"https:\/\/www.irisbilan.fr\/#\/schema\/logo\/image\/"},"sameAs":["https:\/\/www.facebook.com\/beguin.sylvie\/","https:\/\/www.linkedin.com\/showcase\/11126319"]},{"@type":"Person","@id":"https:\/\/www.irisbilan.fr\/#\/schema\/person\/fc85846c39e890cc10b1a78fcdec6ba8","name":"sylvie BEGUIN","image":{"@type":"ImageObject","inLanguage":"fr-FR","@id":"https:\/\/www.irisbilan.fr\/#\/schema\/person\/image\/","url":"https:\/\/secure.gravatar.com\/avatar\/27ea624599ee9314e7e5e3f190eb04cb447d3d9dda4f3c385a2415cde821a6a4?s=96&d=mm&r=g","contentUrl":"https:\/\/secure.gravatar.com\/avatar\/27ea624599ee9314e7e5e3f190eb04cb447d3d9dda4f3c385a2415cde821a6a4?s=96&d=mm&r=g","caption":"sylvie BEGUIN"},"sameAs":["http:\/\/www.irisbilan.fr"]}]}},"_links":{"self":[{"href":"https:\/\/www.irisbilan.fr\/index.php\/wp-json\/wp\/v2\/posts\/316","targetHints":{"allow":["GET"]}}],"collection":[{"href":"https:\/\/www.irisbilan.fr\/index.php\/wp-json\/wp\/v2\/posts"}],"about":[{"href":"https:\/\/www.irisbilan.fr\/index.php\/wp-json\/wp\/v2\/types\/post"}],"author":[{"embeddable":true,"href":"https:\/\/www.irisbilan.fr\/index.php\/wp-json\/wp\/v2\/users\/1"}],"replies":[{"embeddable":true,"href":"https:\/\/www.irisbilan.fr\/index.php\/wp-json\/wp\/v2\/comments?post=316"}],"version-history":[{"count":2,"href":"https:\/\/www.irisbilan.fr\/index.php\/wp-json\/wp\/v2\/posts\/316\/revisions"}],"predecessor-version":[{"id":320,"href":"https:\/\/www.irisbilan.fr\/index.php\/wp-json\/wp\/v2\/posts\/316\/revisions\/320"}],"wp:featuredmedia":[{"embeddable":true,"href":"https:\/\/www.irisbilan.fr\/index.php\/wp-json\/wp\/v2\/media\/318"}],"wp:attachment":[{"href":"https:\/\/www.irisbilan.fr\/index.php\/wp-json\/wp\/v2\/media?parent=316"}],"wp:term":[{"taxonomy":"category","embeddable":true,"href":"https:\/\/www.irisbilan.fr\/index.php\/wp-json\/wp\/v2\/categories?post=316"},{"taxonomy":"post_tag","embeddable":true,"href":"https:\/\/www.irisbilan.fr\/index.php\/wp-json\/wp\/v2\/tags?post=316"}],"curies":[{"name":"wp","href":"https:\/\/api.w.org\/{rel}","templated":true}]}}