{"id":321,"date":"2020-04-14T11:44:19","date_gmt":"2020-04-14T09:44:19","guid":{"rendered":"https:\/\/www.irisbilan.fr\/?p=321"},"modified":"2020-04-14T11:44:19","modified_gmt":"2020-04-14T09:44:19","slug":"enquete-metier","status":"publish","type":"post","link":"https:\/\/www.irisbilan.fr\/index.php\/2020\/04\/14\/enquete-metier\/","title":{"rendered":"Enqu\u00eate m\u00e9tier"},"content":{"rendered":"<p>L&rsquo;enqu\u00eate m\u00e9tier est une \u00e9tape fondamentale et incontournable dans la d\u00e9marche de bilan de comp\u00e9tences. Sinon, on court \u00e0 la catastrophe !<\/p>\n<h3>Pourquoi une enqu\u00eate m\u00e9tier ?<\/h3>\n<ul>\n<li>pour <strong>s&rsquo;informer concr\u00e8tement de la pratique du m\u00e9tier aupr\u00e8s du professionnel<\/strong> qui l&rsquo;exerce. Il faut sortir du huit clos entre le b\u00e9n\u00e9ficiaire du bilan et le conseiller ! Et ainsi valider la repr\u00e9sentation que l&rsquo;on a du m\u00e9tier et sa r\u00e9alit\u00e9, et les \u00e9carts de perception.<\/li>\n<li><strong>\u00e9viter ainsi l&rsquo;id\u00e9alisation du m\u00e9tier ou de tomber dans le fantasme<\/strong>. Il y a toujours des c\u00f4t\u00e9s ennuyeux, p\u00e9nibles, r\u00e9p\u00e9titifs, m\u00eame dans le plus beau m\u00e9tier du monde \u00e0 vos yeux. Il est essentiel de les identifier pour valider un projet et se pr\u00e9parer \u00e0 tous les aspects du m\u00e9tier. Dans ma pratique, c&rsquo;est souvent \u00e0 ce stade qu&rsquo;une belle hypoth\u00e8se sera abonn\u00e9e par la personne. Et c&rsquo;est tant mieux! Dans un bilan, il faut savoir ouvrir les portes mais aussi les fermer, et savoir pourquoi on les ferme. Cela est soulageant, permet de lib\u00e9rer de l&rsquo;espace mental et de l&rsquo;\u00e9nergie. Pour se recentrer sur des hypoth\u00e8ses plus justes et ne pas rester \u00e0 ruminer une id\u00e9e inconsistante de reconversion.<\/li>\n<li><strong>recueillir des conseils pour votre projet.<\/strong><\/li>\n<li>et enfin, commencer \u00e0 <strong>constituer un r\u00e9seau<\/strong> dans le milieu dans lequel vous souhaitez vous orienter.<\/li>\n<\/ul>\n<h3>Comment r\u00e9aliser une enqu\u00eate ?<\/h3>\n<ul>\n<li>se documenter largement avant les enqu\u00eates m\u00e9tiers pour poser les bonnes questions aux professionnels.<\/li>\n<li>pr\u00e9parer bien s\u00fbr une trame de questions \u00e0 poser, et une trame d&rsquo;entr\u00e9e en relation \u00e0 l&rsquo;\u00e9crit et \u00e0 l&rsquo;oral.<\/li>\n<li>consulter plusieurs professionnels, au moins 3 pour recueillir des perceptions diff\u00e9rentes. Ne pas s&rsquo;arr\u00eater au premier professionnel n\u00e9gatif ou super positif !<\/li>\n<li>pour trouver les professionnels : multiplier les canaux de contacts\n<ul>\n<li>votre propre r\u00e9seau<\/li>\n<li>les r\u00e9seaux sociaux professionnels<\/li>\n<li>contacter les f\u00e9d\u00e9rations et syndicats professionnels qui ont des annuaires<\/li>\n<li>faire de la veille sur les blogs et forums li\u00e9s au m\u00e9tier ou au secteur de votre projet. Des professionnels actifs y t\u00e9moignent et sont en g\u00e9n\u00e9ral tr\u00e8s ouverts au partage<\/li>\n<li>visiter des salons professionnels<\/li>\n<li>participer aux journ\u00e9es d\u00e9couverte des m\u00e9tiers, \u00e0 la Cit\u00e9 des M\u00e9tiers, au P\u00f4le Emploi&#8230;<\/li>\n<li>prendre contact avec les \u00e9coles qui pr\u00e9parent au m\u00e9tier vis\u00e9, et qui ont aussi des annuaires d&rsquo;anciens \u00e9l\u00e8ves<\/li>\n<\/ul>\n<\/li>\n<li style=\"text-align: left;\">pour entrer en relation, privil\u00e9gier le contact t\u00e9l\u00e9phonique si vous avez le num\u00e9ro. Ce n&rsquo;est pas au professionnel \u00e0 vous rappeler ! Laissez un message en demandant de rappeler ne fonctionnera pas. M\u00eame si la personne est ouverte \u00e0 vous parler. Sinon, utilisez un message mail en expliquant clairement votre d\u00e9marche. Rapide et concis ! Si la personne est pr\u00eate \u00e0 vous aider, elle vous enverra son num\u00e9ro.<\/li>\n<li>et de plus, \u00e9tudier la possibilit\u00e9 ensuite de faire une immersion sur le lieu de travail. C&rsquo;est sans doute, l&rsquo;arme la plus efficace pour appr\u00e9hender la r\u00e9alit\u00e9 d&rsquo;un m\u00e9tier et de son environnement.<\/li>\n<\/ul>\n<p>Et si vous avez des appr\u00e9hensions \u00e0 d\u00e9crocher votre t\u00e9l\u00e9phone, ou peur de d\u00e9ranger, n&rsquo;oubliez pas que les professionnels adorent parler de ce qu&rsquo;ils font ! \u00ab\u00a0Parlez moi de moi , j&rsquo;adore \u00e7a !\u00a0\u00bb.<\/p>\n<p>Envie de faire un bilan de comp\u00e9tences ? <a href=\"https:\/\/www.irisbilan.fr\/index.php\/contact-iribilan\/\" target=\"_blank\" rel=\"noopener noreferrer\">Contactez-moi.<\/a><\/p>\n","protected":false},"excerpt":{"rendered":"<p>L&rsquo;enqu\u00eate m\u00e9tier est une \u00e9tape fondamentale et incontournable dans la d\u00e9marche de bilan de comp\u00e9tences. Sinon, on court \u00e0 la catastrophe ! Pourquoi une enqu\u00eate m\u00e9tier ? pour s&rsquo;informer concr\u00e8tement de la pratique du m\u00e9tier aupr\u00e8s du professionnel qui l&rsquo;exerce. Il faut sortir du huit clos entre le b\u00e9n\u00e9ficiaire du bilan et le conseiller ! &hellip; <\/p>\n<p class=\"link-more\"><a href=\"https:\/\/www.irisbilan.fr\/index.php\/2020\/04\/14\/enquete-metier\/\" class=\"more-link\">Continuer la lecture<span class=\"screen-reader-text\"> de &laquo;&nbsp;Enqu\u00eate m\u00e9tier&nbsp;&raquo;<\/span><\/a><\/p>\n","protected":false},"author":1,"featured_media":323,"comment_status":"open","ping_status":"open","sticky":false,"template":"","format":"standard","meta":{"footnotes":""},"categories":[5],"tags":[],"class_list":["post-321","post","type-post","status-publish","format-standard","has-post-thumbnail","hentry","category-outils-en-bilan-de-competences"],"yoast_head":"<!-- This site is optimized with the Yoast SEO plugin v26.0 - https:\/\/yoast.com\/wordpress\/plugins\/seo\/ -->\n<title>Enqu\u00eate m\u00e9tier - Centre de bilan de comp\u00e9tences IrisBilan - Rueil<\/title>\n<meta name=\"description\" content=\"Pourquoi une enqu\u00eate m\u00e9tier est fondamentale et incontounable dans une d\u00e9marche de bilan de comp\u00e9tences ? D\u00e9couvrez comment faire !\" \/>\n<meta name=\"robots\" content=\"index, follow, max-snippet:-1, max-image-preview:large, max-video-preview:-1\" \/>\n<link rel=\"canonical\" href=\"https:\/\/www.irisbilan.fr\/index.php\/2020\/04\/14\/enquete-metier\/\" \/>\n<meta property=\"og:locale\" content=\"fr_FR\" \/>\n<meta property=\"og:type\" content=\"article\" \/>\n<meta property=\"og:title\" content=\"Enqu\u00eate m\u00e9tier - Centre de bilan de comp\u00e9tences IrisBilan - Rueil\" \/>\n<meta property=\"og:description\" content=\"Pourquoi une enqu\u00eate m\u00e9tier est fondamentale et incontounable dans une d\u00e9marche de bilan de comp\u00e9tences ? D\u00e9couvrez comment faire !\" \/>\n<meta property=\"og:url\" content=\"https:\/\/www.irisbilan.fr\/index.php\/2020\/04\/14\/enquete-metier\/\" \/>\n<meta property=\"og:site_name\" content=\"Centre de bilan de comp\u00e9tences IrisBilan\" \/>\n<meta property=\"article:publisher\" content=\"https:\/\/www.facebook.com\/beguin.sylvie\/\" \/>\n<meta property=\"article:published_time\" content=\"2020-04-14T09:44:19+00:00\" \/>\n<meta property=\"og:image\" content=\"https:\/\/www.irisbilan.fr\/wp-content\/uploads\/2020\/04\/enqu\u00eate-m\u00e9tier.jpg\" \/>\n\t<meta property=\"og:image:width\" content=\"800\" \/>\n\t<meta property=\"og:image:height\" content=\"522\" \/>\n\t<meta property=\"og:image:type\" content=\"image\/jpeg\" \/>\n<meta name=\"author\" content=\"sylvie BEGUIN\" \/>\n<meta name=\"twitter:card\" content=\"summary_large_image\" \/>\n<meta name=\"twitter:label1\" content=\"\u00c9crit par\" \/>\n\t<meta name=\"twitter:data1\" content=\"sylvie BEGUIN\" \/>\n\t<meta name=\"twitter:label2\" content=\"Dur\u00e9e de lecture estim\u00e9e\" \/>\n\t<meta name=\"twitter:data2\" content=\"3 minutes\" \/>\n<script type=\"application\/ld+json\" class=\"yoast-schema-graph\">{\"@context\":\"https:\/\/schema.org\",\"@graph\":[{\"@type\":\"Article\",\"@id\":\"https:\/\/www.irisbilan.fr\/index.php\/2020\/04\/14\/enquete-metier\/#article\",\"isPartOf\":{\"@id\":\"https:\/\/www.irisbilan.fr\/index.php\/2020\/04\/14\/enquete-metier\/\"},\"author\":{\"name\":\"sylvie BEGUIN\",\"@id\":\"https:\/\/www.irisbilan.fr\/#\/schema\/person\/fc85846c39e890cc10b1a78fcdec6ba8\"},\"headline\":\"Enqu\u00eate m\u00e9tier\",\"datePublished\":\"2020-04-14T09:44:19+00:00\",\"mainEntityOfPage\":{\"@id\":\"https:\/\/www.irisbilan.fr\/index.php\/2020\/04\/14\/enquete-metier\/\"},\"wordCount\":589,\"commentCount\":0,\"publisher\":{\"@id\":\"https:\/\/www.irisbilan.fr\/#organization\"},\"image\":{\"@id\":\"https:\/\/www.irisbilan.fr\/index.php\/2020\/04\/14\/enquete-metier\/#primaryimage\"},\"thumbnailUrl\":\"https:\/\/www.irisbilan.fr\/wp-content\/uploads\/2020\/04\/enqu\u00eate-m\u00e9tier.jpg\",\"articleSection\":[\"Outils en bilan de comp\u00e9tences\"],\"inLanguage\":\"fr-FR\"},{\"@type\":\"WebPage\",\"@id\":\"https:\/\/www.irisbilan.fr\/index.php\/2020\/04\/14\/enquete-metier\/\",\"url\":\"https:\/\/www.irisbilan.fr\/index.php\/2020\/04\/14\/enquete-metier\/\",\"name\":\"Enqu\u00eate m\u00e9tier - Centre de bilan de comp\u00e9tences IrisBilan - Rueil\",\"isPartOf\":{\"@id\":\"https:\/\/www.irisbilan.fr\/#website\"},\"primaryImageOfPage\":{\"@id\":\"https:\/\/www.irisbilan.fr\/index.php\/2020\/04\/14\/enquete-metier\/#primaryimage\"},\"image\":{\"@id\":\"https:\/\/www.irisbilan.fr\/index.php\/2020\/04\/14\/enquete-metier\/#primaryimage\"},\"thumbnailUrl\":\"https:\/\/www.irisbilan.fr\/wp-content\/uploads\/2020\/04\/enqu\u00eate-m\u00e9tier.jpg\",\"datePublished\":\"2020-04-14T09:44:19+00:00\",\"description\":\"Pourquoi une enqu\u00eate m\u00e9tier est fondamentale et incontounable dans une d\u00e9marche de bilan de comp\u00e9tences ? D\u00e9couvrez comment faire !\",\"breadcrumb\":{\"@id\":\"https:\/\/www.irisbilan.fr\/index.php\/2020\/04\/14\/enquete-metier\/#breadcrumb\"},\"inLanguage\":\"fr-FR\",\"potentialAction\":[{\"@type\":\"ReadAction\",\"target\":[\"https:\/\/www.irisbilan.fr\/index.php\/2020\/04\/14\/enquete-metier\/\"]}]},{\"@type\":\"ImageObject\",\"inLanguage\":\"fr-FR\",\"@id\":\"https:\/\/www.irisbilan.fr\/index.php\/2020\/04\/14\/enquete-metier\/#primaryimage\",\"url\":\"https:\/\/www.irisbilan.fr\/wp-content\/uploads\/2020\/04\/enqu\u00eate-m\u00e9tier.jpg\",\"contentUrl\":\"https:\/\/www.irisbilan.fr\/wp-content\/uploads\/2020\/04\/enqu\u00eate-m\u00e9tier.jpg\",\"width\":800,\"height\":522,\"caption\":\"Enqu\u00eate m\u00e9tier\"},{\"@type\":\"BreadcrumbList\",\"@id\":\"https:\/\/www.irisbilan.fr\/index.php\/2020\/04\/14\/enquete-metier\/#breadcrumb\",\"itemListElement\":[{\"@type\":\"ListItem\",\"position\":1,\"name\":\"Accueil\",\"item\":\"https:\/\/www.irisbilan.fr\/\"},{\"@type\":\"ListItem\",\"position\":2,\"name\":\"Enqu\u00eate m\u00e9tier\"}]},{\"@type\":\"WebSite\",\"@id\":\"https:\/\/www.irisbilan.fr\/#website\",\"url\":\"https:\/\/www.irisbilan.fr\/\",\"name\":\"Centre de bilan de comp\u00e9tences IrisBilan Rueil\",\"description\":\"Une m\u00e9thode \u00e9prouv\u00e9e et adapt\u00e9e \u00e0 chaque histoire de vie professionnelle !\",\"publisher\":{\"@id\":\"https:\/\/www.irisbilan.fr\/#organization\"},\"potentialAction\":[{\"@type\":\"SearchAction\",\"target\":{\"@type\":\"EntryPoint\",\"urlTemplate\":\"https:\/\/www.irisbilan.fr\/?s={search_term_string}\"},\"query-input\":{\"@type\":\"PropertyValueSpecification\",\"valueRequired\":true,\"valueName\":\"search_term_string\"}}],\"inLanguage\":\"fr-FR\"},{\"@type\":\"Organization\",\"@id\":\"https:\/\/www.irisbilan.fr\/#organization\",\"name\":\"BEGUIN SYLVIE\",\"url\":\"https:\/\/www.irisbilan.fr\/\",\"logo\":{\"@type\":\"ImageObject\",\"inLanguage\":\"fr-FR\",\"@id\":\"https:\/\/www.irisbilan.fr\/#\/schema\/logo\/image\/\",\"url\":\"https:\/\/www.irisbilan.fr\/wp-content\/uploads\/2019\/09\/cropped-IRIS-PETIT.jpg\",\"contentUrl\":\"https:\/\/www.irisbilan.fr\/wp-content\/uploads\/2019\/09\/cropped-IRIS-PETIT.jpg\",\"width\":240,\"height\":98,\"caption\":\"BEGUIN SYLVIE\"},\"image\":{\"@id\":\"https:\/\/www.irisbilan.fr\/#\/schema\/logo\/image\/\"},\"sameAs\":[\"https:\/\/www.facebook.com\/beguin.sylvie\/\",\"https:\/\/www.linkedin.com\/showcase\/11126319\"]},{\"@type\":\"Person\",\"@id\":\"https:\/\/www.irisbilan.fr\/#\/schema\/person\/fc85846c39e890cc10b1a78fcdec6ba8\",\"name\":\"sylvie BEGUIN\",\"image\":{\"@type\":\"ImageObject\",\"inLanguage\":\"fr-FR\",\"@id\":\"https:\/\/www.irisbilan.fr\/#\/schema\/person\/image\/\",\"url\":\"https:\/\/secure.gravatar.com\/avatar\/27ea624599ee9314e7e5e3f190eb04cb447d3d9dda4f3c385a2415cde821a6a4?s=96&d=mm&r=g\",\"contentUrl\":\"https:\/\/secure.gravatar.com\/avatar\/27ea624599ee9314e7e5e3f190eb04cb447d3d9dda4f3c385a2415cde821a6a4?s=96&d=mm&r=g\",\"caption\":\"sylvie BEGUIN\"},\"sameAs\":[\"http:\/\/www.irisbilan.fr\"]}]}<\/script>\n<!-- \/ Yoast SEO plugin. -->","yoast_head_json":{"title":"Enqu\u00eate m\u00e9tier - Centre de bilan de comp\u00e9tences IrisBilan - Rueil","description":"Pourquoi une enqu\u00eate m\u00e9tier est fondamentale et incontounable dans une d\u00e9marche de bilan de comp\u00e9tences ? D\u00e9couvrez comment faire !","robots":{"index":"index","follow":"follow","max-snippet":"max-snippet:-1","max-image-preview":"max-image-preview:large","max-video-preview":"max-video-preview:-1"},"canonical":"https:\/\/www.irisbilan.fr\/index.php\/2020\/04\/14\/enquete-metier\/","og_locale":"fr_FR","og_type":"article","og_title":"Enqu\u00eate m\u00e9tier - Centre de bilan de comp\u00e9tences IrisBilan - Rueil","og_description":"Pourquoi une enqu\u00eate m\u00e9tier est fondamentale et incontounable dans une d\u00e9marche de bilan de comp\u00e9tences ? D\u00e9couvrez comment faire !","og_url":"https:\/\/www.irisbilan.fr\/index.php\/2020\/04\/14\/enquete-metier\/","og_site_name":"Centre de bilan de comp\u00e9tences IrisBilan","article_publisher":"https:\/\/www.facebook.com\/beguin.sylvie\/","article_published_time":"2020-04-14T09:44:19+00:00","og_image":[{"width":800,"height":522,"url":"https:\/\/www.irisbilan.fr\/wp-content\/uploads\/2020\/04\/enqu\u00eate-m\u00e9tier.jpg","type":"image\/jpeg"}],"author":"sylvie BEGUIN","twitter_card":"summary_large_image","twitter_misc":{"\u00c9crit par":"sylvie BEGUIN","Dur\u00e9e de lecture estim\u00e9e":"3 minutes"},"schema":{"@context":"https:\/\/schema.org","@graph":[{"@type":"Article","@id":"https:\/\/www.irisbilan.fr\/index.php\/2020\/04\/14\/enquete-metier\/#article","isPartOf":{"@id":"https:\/\/www.irisbilan.fr\/index.php\/2020\/04\/14\/enquete-metier\/"},"author":{"name":"sylvie BEGUIN","@id":"https:\/\/www.irisbilan.fr\/#\/schema\/person\/fc85846c39e890cc10b1a78fcdec6ba8"},"headline":"Enqu\u00eate m\u00e9tier","datePublished":"2020-04-14T09:44:19+00:00","mainEntityOfPage":{"@id":"https:\/\/www.irisbilan.fr\/index.php\/2020\/04\/14\/enquete-metier\/"},"wordCount":589,"commentCount":0,"publisher":{"@id":"https:\/\/www.irisbilan.fr\/#organization"},"image":{"@id":"https:\/\/www.irisbilan.fr\/index.php\/2020\/04\/14\/enquete-metier\/#primaryimage"},"thumbnailUrl":"https:\/\/www.irisbilan.fr\/wp-content\/uploads\/2020\/04\/enqu\u00eate-m\u00e9tier.jpg","articleSection":["Outils en bilan de comp\u00e9tences"],"inLanguage":"fr-FR"},{"@type":"WebPage","@id":"https:\/\/www.irisbilan.fr\/index.php\/2020\/04\/14\/enquete-metier\/","url":"https:\/\/www.irisbilan.fr\/index.php\/2020\/04\/14\/enquete-metier\/","name":"Enqu\u00eate m\u00e9tier - Centre de bilan de comp\u00e9tences IrisBilan - Rueil","isPartOf":{"@id":"https:\/\/www.irisbilan.fr\/#website"},"primaryImageOfPage":{"@id":"https:\/\/www.irisbilan.fr\/index.php\/2020\/04\/14\/enquete-metier\/#primaryimage"},"image":{"@id":"https:\/\/www.irisbilan.fr\/index.php\/2020\/04\/14\/enquete-metier\/#primaryimage"},"thumbnailUrl":"https:\/\/www.irisbilan.fr\/wp-content\/uploads\/2020\/04\/enqu\u00eate-m\u00e9tier.jpg","datePublished":"2020-04-14T09:44:19+00:00","description":"Pourquoi une enqu\u00eate m\u00e9tier est fondamentale et incontounable dans une d\u00e9marche de bilan de comp\u00e9tences ? D\u00e9couvrez comment faire !","breadcrumb":{"@id":"https:\/\/www.irisbilan.fr\/index.php\/2020\/04\/14\/enquete-metier\/#breadcrumb"},"inLanguage":"fr-FR","potentialAction":[{"@type":"ReadAction","target":["https:\/\/www.irisbilan.fr\/index.php\/2020\/04\/14\/enquete-metier\/"]}]},{"@type":"ImageObject","inLanguage":"fr-FR","@id":"https:\/\/www.irisbilan.fr\/index.php\/2020\/04\/14\/enquete-metier\/#primaryimage","url":"https:\/\/www.irisbilan.fr\/wp-content\/uploads\/2020\/04\/enqu\u00eate-m\u00e9tier.jpg","contentUrl":"https:\/\/www.irisbilan.fr\/wp-content\/uploads\/2020\/04\/enqu\u00eate-m\u00e9tier.jpg","width":800,"height":522,"caption":"Enqu\u00eate m\u00e9tier"},{"@type":"BreadcrumbList","@id":"https:\/\/www.irisbilan.fr\/index.php\/2020\/04\/14\/enquete-metier\/#breadcrumb","itemListElement":[{"@type":"ListItem","position":1,"name":"Accueil","item":"https:\/\/www.irisbilan.fr\/"},{"@type":"ListItem","position":2,"name":"Enqu\u00eate m\u00e9tier"}]},{"@type":"WebSite","@id":"https:\/\/www.irisbilan.fr\/#website","url":"https:\/\/www.irisbilan.fr\/","name":"Centre de bilan de comp\u00e9tences IrisBilan Rueil","description":"Une m\u00e9thode \u00e9prouv\u00e9e et adapt\u00e9e \u00e0 chaque histoire de vie professionnelle !","publisher":{"@id":"https:\/\/www.irisbilan.fr\/#organization"},"potentialAction":[{"@type":"SearchAction","target":{"@type":"EntryPoint","urlTemplate":"https:\/\/www.irisbilan.fr\/?s={search_term_string}"},"query-input":{"@type":"PropertyValueSpecification","valueRequired":true,"valueName":"search_term_string"}}],"inLanguage":"fr-FR"},{"@type":"Organization","@id":"https:\/\/www.irisbilan.fr\/#organization","name":"BEGUIN SYLVIE","url":"https:\/\/www.irisbilan.fr\/","logo":{"@type":"ImageObject","inLanguage":"fr-FR","@id":"https:\/\/www.irisbilan.fr\/#\/schema\/logo\/image\/","url":"https:\/\/www.irisbilan.fr\/wp-content\/uploads\/2019\/09\/cropped-IRIS-PETIT.jpg","contentUrl":"https:\/\/www.irisbilan.fr\/wp-content\/uploads\/2019\/09\/cropped-IRIS-PETIT.jpg","width":240,"height":98,"caption":"BEGUIN SYLVIE"},"image":{"@id":"https:\/\/www.irisbilan.fr\/#\/schema\/logo\/image\/"},"sameAs":["https:\/\/www.facebook.com\/beguin.sylvie\/","https:\/\/www.linkedin.com\/showcase\/11126319"]},{"@type":"Person","@id":"https:\/\/www.irisbilan.fr\/#\/schema\/person\/fc85846c39e890cc10b1a78fcdec6ba8","name":"sylvie BEGUIN","image":{"@type":"ImageObject","inLanguage":"fr-FR","@id":"https:\/\/www.irisbilan.fr\/#\/schema\/person\/image\/","url":"https:\/\/secure.gravatar.com\/avatar\/27ea624599ee9314e7e5e3f190eb04cb447d3d9dda4f3c385a2415cde821a6a4?s=96&d=mm&r=g","contentUrl":"https:\/\/secure.gravatar.com\/avatar\/27ea624599ee9314e7e5e3f190eb04cb447d3d9dda4f3c385a2415cde821a6a4?s=96&d=mm&r=g","caption":"sylvie BEGUIN"},"sameAs":["http:\/\/www.irisbilan.fr"]}]}},"_links":{"self":[{"href":"https:\/\/www.irisbilan.fr\/index.php\/wp-json\/wp\/v2\/posts\/321","targetHints":{"allow":["GET"]}}],"collection":[{"href":"https:\/\/www.irisbilan.fr\/index.php\/wp-json\/wp\/v2\/posts"}],"about":[{"href":"https:\/\/www.irisbilan.fr\/index.php\/wp-json\/wp\/v2\/types\/post"}],"author":[{"embeddable":true,"href":"https:\/\/www.irisbilan.fr\/index.php\/wp-json\/wp\/v2\/users\/1"}],"replies":[{"embeddable":true,"href":"https:\/\/www.irisbilan.fr\/index.php\/wp-json\/wp\/v2\/comments?post=321"}],"version-history":[{"count":1,"href":"https:\/\/www.irisbilan.fr\/index.php\/wp-json\/wp\/v2\/posts\/321\/revisions"}],"predecessor-version":[{"id":322,"href":"https:\/\/www.irisbilan.fr\/index.php\/wp-json\/wp\/v2\/posts\/321\/revisions\/322"}],"wp:featuredmedia":[{"embeddable":true,"href":"https:\/\/www.irisbilan.fr\/index.php\/wp-json\/wp\/v2\/media\/323"}],"wp:attachment":[{"href":"https:\/\/www.irisbilan.fr\/index.php\/wp-json\/wp\/v2\/media?parent=321"}],"wp:term":[{"taxonomy":"category","embeddable":true,"href":"https:\/\/www.irisbilan.fr\/index.php\/wp-json\/wp\/v2\/categories?post=321"},{"taxonomy":"post_tag","embeddable":true,"href":"https:\/\/www.irisbilan.fr\/index.php\/wp-json\/wp\/v2\/tags?post=321"}],"curies":[{"name":"wp","href":"https:\/\/api.w.org\/{rel}","templated":true}]}}